{"id":1138,"date":"2026-02-28T18:49:20","date_gmt":"2026-02-28T18:49:20","guid":{"rendered":"https:\/\/leveilenprovence.com\/?p=1138"},"modified":"2026-03-02T10:27:51","modified_gmt":"2026-03-02T10:27:51","slug":"voorjaarskoersen-2026-regio-paca","status":"publish","type":"post","link":"https:\/\/leveilenprovence.com\/fr\/voorjaarskoersen-2026-regio-paca\/","title":{"rendered":"Courses de printemps 2026 r\u00e9gion PACA"},"content":{"rendered":"<p class=\"has-black-color has-text-color has-background has-link-color\" style=\"background:linear-gradient(135deg,rgb(238,238,238) 73%,rgb(169,184,195) 100%)\">\u00c9migrer de Belgique en France. Je risquais de rater l&#039;effervescence des premi\u00e8res courses printani\u00e8res. L&#039;h\u00e9ro\u00efsme de l&#039;Omloop, du Tour des Flandres, de Paris-Roubaix. En Flandres, l&#039;enthousiasme et les conversations anim\u00e9es (dans les bars) autour du cyclisme sont incomparables. On s&#039;appuie sur la vision d&#039;experts et de virtuoses des langues comme Christophe Vandegoor. Et bien s\u00fbr, le tout est berc\u00e9 par la meilleure chanson cycliste de Wannes. <a href=\"https:\/\/www.youtube.com\/watch?v=c4pG-Aa-J8k&amp;list=RDc4pG-Aa-J8k&amp;start_radio=1\" target=\"_blank\" rel=\"noreferrer noopener\"><mark style=\"background-color:rgba(0, 0, 0, 0)\" class=\"has-inline-color has-vivid-cyan-blue-color\">Queue de labour<\/mark><\/a>. Demain, c&#039;est l&#039;Omloop\u00a0: impossible d&#039;y assister en personne d&#039;ici, mais nous profiterons de cette ambiance unique devant la t\u00e9l\u00e9vision.<\/p>\n\n\n\n<figure class=\"wp-block-audio\"><audio controls src=\"https:\/\/leveilenprovence.com\/wp-content\/uploads\/2026\/02\/Het_Zesde_Metaal_-_Ploegsteert_mp3.pm-1.mp3\"><\/audio><\/figure>\n\n\n\n<div class=\"wp-block-media-text has-media-on-the-right\" style=\"grid-template-columns:auto 23%\"><div class=\"wp-block-media-text__content\">\n<p class=\"has-black-color has-text-color has-background has-link-color\" style=\"background:linear-gradient(135deg,rgb(238,238,238) 73%,rgb(169,184,195) 100%)\">Mais le printemps et les comp\u00e9titions sont bien s\u00fbr \u00e9galement tr\u00e8s pr\u00e9sents ici dans le VAR. Vous trouverez ci-dessous un aper\u00e7u des courses printani\u00e8res du WorldTour autour de notre BnB \u00e0 Entrecasteraux, dans le d\u00e9partement du Var (83), et par extension dans la r\u00e9gion PACA.<em>Provence-Alpes-C\u00f4te d&#039;Azur<\/em>) .<\/p>\n\n\n\n<p><\/p>\n<\/div><figure class=\"wp-block-media-text__media\"><a href=\"https:\/\/leveilenprovence.com\/wp-content\/uploads\/2026\/02\/PACA.jpg\"><img fetchpriority=\"high\" decoding=\"async\" width=\"565\" height=\"450\" src=\"https:\/\/leveilenprovence.com\/wp-content\/uploads\/2026\/02\/PACA.jpg\" alt=\"\" class=\"wp-image-1158 size-full\" srcset=\"https:\/\/leveilenprovence.com\/wp-content\/uploads\/2026\/02\/PACA.jpg 565w, https:\/\/leveilenprovence.com\/wp-content\/uploads\/2026\/02\/PACA-300x239.jpg 300w, https:\/\/leveilenprovence.com\/wp-content\/uploads\/2026\/02\/PACA-15x12.jpg 15w\" sizes=\"(max-width: 565px) 100vw, 565px\" \/><\/a><\/figure><\/div>\n\n\n\n<figure class=\"wp-block-image size-large\"><img decoding=\"async\" width=\"1024\" height=\"535\" src=\"https:\/\/leveilenprovence.com\/wp-content\/uploads\/2026\/02\/overview-goggle-maps-1024x535.png\" alt=\"\" class=\"wp-image-1294\" srcset=\"https:\/\/leveilenprovence.com\/wp-content\/uploads\/2026\/02\/overview-goggle-maps-1024x535.png 1024w, https:\/\/leveilenprovence.com\/wp-content\/uploads\/2026\/02\/overview-goggle-maps-300x157.png 300w, https:\/\/leveilenprovence.com\/wp-content\/uploads\/2026\/02\/overview-goggle-maps-768x401.png 768w, https:\/\/leveilenprovence.com\/wp-content\/uploads\/2026\/02\/overview-goggle-maps-1536x802.png 1536w, https:\/\/leveilenprovence.com\/wp-content\/uploads\/2026\/02\/overview-goggle-maps-18x9.png 18w, https:\/\/leveilenprovence.com\/wp-content\/uploads\/2026\/02\/overview-goggle-maps.png 1720w\" sizes=\"(max-width: 1024px) 100vw, 1024px\" \/><\/figure>\n\n\n\n<p><\/p>\n\n\n\n<p><\/p>\n\n\n\n<p class=\"has-black-color has-cyan-bluish-gray-background-color has-text-color has-background has-link-color has-small-font-size\"><em>Vous trouverez ci-dessous le bouton permettant d&#039;acc\u00e9der \u00e0 la carte interactive. De l\u00e0, vous pouvez exporter les itin\u00e9raires au format KML et, si n\u00e9cessaire, les convertir au format GPX \u00e0 l&#039;aide de l&#039;outil ci-dessous.<\/em><\/p>\n\n\n\n<div class=\"wp-block-buttons is-layout-flex wp-block-buttons-is-layout-flex\">\n<div class=\"wp-block-button has-custom-width wp-block-button__width-75 is-style-outline\" id=\"https:\/\/www.google.com\/maps\/d\/edit?mid=1iwkZnbRFIXK_uuy5vEUdh62MM4PNKp0&amp;usp=sharing\"><a class=\"wp-block-button__link has-black-color has-light-green-cyan-background-color has-text-color has-background has-link-color has-medium-font-size has-custom-font-size wp-element-button\" href=\"https:\/\/www.google.com\/maps\/d\/edit?mid=1iwkZnbRFIXK_uuy5vEUdh62MM4PNKp0&amp;usp=sharing\" style=\"border-top-left-radius:11px;border-top-right-radius:11px;border-bottom-left-radius:11px;border-bottom-right-radius:11px\" target=\"_blank\" rel=\"noreferrer noopener\">Appuyez pour acc\u00e9der aux cartes g\u00e9n\u00e9rales des courses cyclistes PACA 2026<\/a><\/div>\n<\/div>\n\n\n\n<div class=\"wp-block-group\"><div class=\"wp-block-group__inner-container is-layout-flow wp-block-group-is-layout-flow\">\n<div class=\"wp-block-buttons is-layout-flex wp-block-buttons-is-layout-flex\">\n<div class=\"wp-block-button\"><a class=\"wp-block-button__link wp-element-button\" href=\"https:\/\/www.gpsvisualizer.com\/convert_input?convert_format=gpx\" target=\"_blank\" rel=\"noreferrer noopener\">convertir kml en gpx<\/a><\/div>\n<\/div>\n<\/div><\/div>\n\n\n\n<div class=\"wp-block-buttons is-layout-flex wp-block-buttons-is-layout-flex\"><\/div>\n\n\n\n<p><\/p>\n\n\n\n<div class=\"wp-block-media-text is-stacked-on-mobile has-black-color has-text-color has-background has-link-color\" style=\"background:linear-gradient(135deg,rgb(238,238,238) 73%,rgb(169,184,195) 100%)\"><figure class=\"wp-block-media-text__media\"><video controls src=\"https:\/\/leveilenprovence.com\/wp-content\/uploads\/2026\/02\/verslag-montagne-de-Lure.mp4\"><\/video><\/figure><div class=\"wp-block-media-text__content\">\n<p class=\"has-black-color has-text-color has-link-color\"><strong><mark style=\"background-color:#7bdcb5\" class=\"has-inline-color\">1. Tour de Provence.<\/mark><\/strong><br>-du 13 au 15 f\u00e9vrier 2026, en vert sur la carte<\/p>\n\n\n\n<p class=\"has-black-color has-text-color has-link-color\">- une \u00e9dition disput\u00e9e dans des conditions hivernales rigoureuses et sans son favori bless\u00e9, Mads Pedersen<br>-point fort : trajet 2 jusqu&#039;au sommet <a href=\"https:\/\/provence-alpes-cotedazur.com\/decouvrir\/espaces-naturels\/montagne-de-lure\/\" target=\"_blank\" rel=\"noreferrer noopener\"><mark style=\"background-color:rgba(0, 0, 0, 0)\" class=\"has-inline-color has-vivid-cyan-blue-color\">Montagne d&#039;attrait<\/mark>,<\/a> \u00c0 120 km au nord d&#039;ici.<\/p>\n\n\n\n<p class=\"has-black-color has-text-color has-link-color\">-Le voyage 1 est pass\u00e9 par &nbsp;<a href=\"https:\/\/provence-alpes-cotedazur.com\/que-faire\/circuits\/visite-massif-de-la-sainte-baume\/\" target=\"_blank\" rel=\"noreferrer noopener\"><mark style=\"background-color:rgba(0, 0, 0, 0)\" class=\"has-inline-color has-vivid-cyan-blue-color\">Parc Naturel R\u00e9gional de la Sainte-Baume<\/mark><\/a>, \u00e0 35 km de chez nous.<br>-gagnant: &nbsp;<em>Matthieu Riccitello<\/em>. D\u00e9cathlon<\/p>\n\n\n\n<p class=\"has-black-color has-text-color has-link-color\"><\/p>\n<\/div><\/div>\n\n\n\n<div class=\"wp-block-media-text is-stacked-on-mobile has-black-color has-text-color has-background has-link-color\" style=\"background:linear-gradient(135deg,rgb(238,238,238) 73%,rgb(169,184,195) 100%)\"><figure class=\"wp-block-media-text__media\"><video controls src=\"https:\/\/leveilenprovence.com\/wp-content\/uploads\/2026\/02\/passage-Cotignac.mp4\"><\/video><\/figure><div class=\"wp-block-media-text__content\">\n<p class=\"has-black-color has-text-color has-background has-link-color\" style=\"background:linear-gradient(135deg,rgb(238,238,238) 73%,rgb(169,184,195) 100%)\"><strong><mark style=\"background-color:#7bdcb5\" class=\"has-inline-color\">2. Classique Var<\/mark><\/strong><br>21 f\u00e9vrier, en bleu sur la carte. Beau temps printanier.<br>- \u00e0 travers les villages autour d&#039;Entrecasteaux (l&#039;ann\u00e9e derni\u00e8re, le convoi passait par notre village). Il passe \u00e9galement par Cotignac, \u00e0 9 km de chez nous.<br>-Gagnant:<em>Jason Tesson (TotalEnergies)<\/em><\/p>\n\n\n\n<p><\/p>\n<\/div><\/div>\n\n\n\n<div class=\"wp-block-media-text is-stacked-on-mobile has-black-color has-text-color has-background has-link-color\" style=\"background:linear-gradient(135deg,rgb(238,238,238) 73%,rgb(169,184,195) 100%)\"><figure class=\"wp-block-media-text__media\"><video controls src=\"https:\/\/leveilenprovence.com\/wp-content\/uploads\/2026\/02\/passage-gourdon.mp4\"><\/video><\/figure><div class=\"wp-block-media-text__content\">\n<p class=\"has-black-color has-text-color has-background has-link-color\" style=\"background:linear-gradient(135deg,rgb(238,238,238) 73%,rgb(169,184,195) 100%)\"><strong><mark style=\"background-color:#7bdcb5\" class=\"has-inline-color\">3. Circuit des Alpes-Maritimes<\/mark><\/strong><br>-22 f\u00e9vrier, en bleu sur la carte, beau temps printanier.<br>- Belle balade \u00e0 moto de 110 km de chez nous \u00e0 <em><a href=\"https:\/\/www.parc-prealpesdazur.fr\/\" target=\"_blank\" rel=\"noreferrer noopener\"><mark style=\"background-color:rgba(0, 0, 0, 0)\" class=\"has-inline-color has-vivid-cyan-blue-color\">Le Parc naturel des Pr\u00e9alpes d&#039;Azur<\/mark><\/a><\/em><br>-\u00c0 c\u00f4t\u00e9 de ce passage dans <a href=\"https:\/\/www.provenceweb.fr\/f\/alpmarit\/gourdon\/gourdon.htm\" target=\"_blank\" rel=\"noreferrer noopener\"><mark style=\"background-color:rgba(0, 0, 0, 0)\" class=\"has-inline-color has-vivid-cyan-blue-color\">Gourdon<\/mark><\/a><br>-gagnant:<em>Paul Lapeira (Decathlon CMA CGM)<\/em><\/p>\n<\/div><\/div>\n\n\n\n<div class=\"wp-block-media-text is-stacked-on-mobile has-black-color has-text-color has-background has-link-color\" style=\"background:linear-gradient(135deg,rgb(238,238,238) 73%,rgb(169,184,195) 100%)\"><figure class=\"wp-block-media-text__media\"><video controls src=\"https:\/\/leveilenprovence.com\/wp-content\/uploads\/2026\/02\/rit-nice-auron.mp4\"><\/video><\/figure><div class=\"wp-block-media-text__content\">\n<p class=\"has-black-color has-text-color has-background has-link-color\" style=\"background:linear-gradient(135deg,rgb(238,238,238) 73%,rgb(169,184,195) 100%)\"><strong><mark style=\"background-color:#7bdcb5\" class=\"has-inline-color\">4.<a href=\"https:\/\/www.paris-nice.fr\/fr\/parcours-general\" target=\"_blank\" rel=\"noreferrer noopener\">Paris-Nice<\/a><\/mark><\/strong><br>13-14-15 mars\u00a0: Les trois derni\u00e8res sorties dans le sud de la France. En orange sur la carte.<br>-13 mars : travers\u00e9e du Luberon \u00e0 v\u00e9lo, \u00e0 85 km de chez nous<br>-14 mars : De Nice \u00e0 <a href=\"https:\/\/hiver.auron.com\/evenements\/course-cycliste-paris-nice\/\" target=\"_blank\" rel=\"noreferrer noopener\"><mark style=\"background-color:rgba(0, 0, 0, 0)\" class=\"has-inline-color has-vivid-cyan-blue-color\">Auron<\/mark><\/a>, alt 1600m, <a href=\"http:\/\/www.mercantour-parcnational.fr\/\" target=\"_blank\" rel=\"noreferrer noopener\"><mark style=\"background-color:rgba(0, 0, 0, 0)\" class=\"has-inline-color has-vivid-cyan-blue-color\">Parc Mercantour<\/mark><\/a>, \u00c0 120 km de chez nous, belle balade \u00e0 moto \u00e0 travers les Pr\u00e9alpes.<br>-15 mars : Finale de l&#039;arri\u00e8re-pays de Nice,<\/p>\n<\/div><\/div>\n\n\n\n<div class=\"wp-block-media-text is-stacked-on-mobile has-black-color has-text-color has-background has-link-color\" style=\"background:linear-gradient(135deg,rgb(238,238,238) 73%,rgb(169,184,195) 100%)\"><figure class=\"wp-block-media-text__media\"><video controls src=\"https:\/\/leveilenprovence.com\/wp-content\/uploads\/2026\/02\/training-matthieu.mp4\"><\/video><\/figure><div class=\"wp-block-media-text__content\">\n<p class=\"has-black-color has-text-color has-background has-link-color\" style=\"background:linear-gradient(135deg,rgb(238,238,238) 73%,rgb(169,184,195) 100%)\"><strong><mark style=\"background-color:#7bdcb5\" class=\"has-inline-color has-vivid-cyan-blue-color\">5.<a href=\"https:\/\/www.cyclingstage.com\/milan-san-remo-2026\/\" target=\"_blank\" rel=\"noreferrer noopener\">Milan-San Remo<\/a><\/mark><\/strong><br>Le 21 mars, en jaune sur la carte. C&#039;est juste \u00e0 l&#039;ext\u00e9rieur de PACA, bien s\u00fbr, mais toujours accessible depuis notre emplacement (174 km, 2 heures en voiture).<br><\/p>\n<\/div><\/div>\n\n\n\n<div class=\"wp-block-media-text is-stacked-on-mobile has-black-color has-text-color has-background has-link-color\" style=\"background:linear-gradient(135deg,rgb(238,238,238) 73%,rgb(169,184,195) 100%)\"><figure class=\"wp-block-media-text__media\"><video controls src=\"https:\/\/leveilenprovence.com\/wp-content\/uploads\/2026\/02\/tour-femmes.mp4\"><\/video><\/figure><div class=\"wp-block-media-text__content\">\n<p class=\"has-black-color has-text-color has-background has-link-color\" style=\"background:linear-gradient(135deg,rgb(238,238,238) 73%,rgb(169,184,195) 100%)\"><strong>\u00c9t\u00e9 2026<\/strong><\/p>\n\n\n\n<p class=\"has-black-color has-text-color has-link-color\">Le <strong><mark style=\"background-color:#7bdcb5\" class=\"has-inline-color\">Tour de France<\/mark><\/strong> \u00c9vitez les \u00e9tapes de VAR et des Alpes-Maritimes en 2026\u00a0; les plus proches sont les \u00e9tapes 18 et 19 dans la r\u00e9gion GAP (\u00e0 170\u00a0km de chez nous), les 23 et 24\u00a0juillet.<br><br><strong><mark style=\"background-color:#7bdcb5\" class=\"has-inline-color\">Tourn\u00e9e des femmes<\/mark><\/strong> Puis, un peu plus pr\u00e8s\u00a0: le 8 ao\u00fbt\u00a0: excursion \u00e0 Sisteron Nice (\u00e0 90\u00a0km de chez nous). Et le 7 ao\u00fbt\u00a0: excursion au Mont Ventoux (\u00e0 160\u00a0km de chez nous).<br><br><a href=\"https:\/\/www.cyclingstage.com\/vuelta-2026-route\/stage-2-spain-2026\/\" type=\"link\" id=\"https:\/\/www.cyclingstage.com\/vuelta-2026-route\/stage-2-spain-2026\/\" target=\"_blank\" rel=\"noreferrer noopener\"><strong><mark style=\"background-color:#7bdcb5\" class=\"has-inline-color has-vivid-cyan-blue-color\">Vuelta<\/mark><\/strong><\/a><br>\u00c9trange mais vrai : la course la plus proche de chez nous cette ann\u00e9e (apr\u00e8s la Classique Var) est la Vuelta.<br>La 2e \u00e9tape, le 23 ao\u00fbt, relie Monaco \u00e0 Manosque et passe \u00e0 20 km de chez nous, via Ampus \u2013 <a href=\"https:\/\/www.provenceweb.fr\/f\/var\/tourtour\/tourtour.htm\"><mark style=\"background-color:rgba(0, 0, 0, 0)\" class=\"has-inline-color has-vivid-cyan-blue-color\">Tourtour<\/mark><\/a><\/p>\n<\/div><\/div>\n\n\n\n<div class=\"wp-block-media-text is-stacked-on-mobile has-black-color has-text-color has-background has-link-color\" style=\"background:linear-gradient(135deg,rgb(238,238,238) 73%,rgb(169,184,195) 100%)\"><figure class=\"wp-block-media-text__media\"><video controls src=\"https:\/\/leveilenprovence.com\/wp-content\/uploads\/2026\/02\/motorrit-tourtour.mp4\"><\/video><\/figure><div class=\"wp-block-media-text__content\">\n<p class=\"has-black-color has-text-color has-background has-link-color\" style=\"background:linear-gradient(135deg,rgb(238,238,238) 73%,rgb(169,184,195) 100%)\">D&#039;ici \u00e0 Tourtour, il y a une agr\u00e9able balade de 20 km \u00e0 moto ou \u00e0 v\u00e9lo. La vid\u00e9o a \u00e9t\u00e9 film\u00e9e sous le soleil bas d&#039;automne.<br><br><br><br><\/p>\n\n\n\n<p><\/p>\n\n\n\n<p><\/p>\n\n\n\n<p><\/p>\n<\/div><\/div>\n\n\n\n<div class=\"wp-block-group\"><div class=\"wp-block-group__inner-container is-layout-flow wp-block-group-is-layout-flow\"><\/div><\/div>\n\n\n\n<p><\/p>","protected":false},"excerpt":{"rendered":"<p>Van Belgie naar Frankrijk emigreren. De kans bestond dat ik de voorjaarskriebels van de eerste koersen ging missen. De hero\u00efek van de Omloop, De Ronde, Parijs-Roubaix . In Vlaanderen zijn de beleving en geanimeerde (toog)gesprekken over de koers ongezien. Steunend op de visie van experts en taalvirtuozen \u00e0 la Christophe Vandegoor. En al zeker begeleid [&hellip;]<\/p>\n","protected":false},"author":1,"featured_media":1155,"comment_status":"open","ping_status":"closed","sticky":false,"template":"","format":"standard","meta":{"_eb_attr":"","_jetpack_memberships_contains_paid_content":false,"footnotes":"","jetpack_publicize_message":"","jetpack_publicize_feature_enabled":true,"jetpack_social_post_already_shared":false,"jetpack_social_options":{"image_generator_settings":{"template":"highway","default_image_id":0,"font":"","enabled":false},"version":2}},"categories":[26],"tags":[],"class_list":["post-1138","post","type-post","status-publish","format-standard","has-post-thumbnail","hentry","category-wielrennen"],"yoast_head":"<!-- This site is optimized with the Yoast SEO plugin v27.5 - https:\/\/yoast.com\/product\/yoast-seo-wordpress\/ -->\n<title>Voorjaarskoersen 2026 regio PACA - L&#039;Eveil en Provence<\/title>\n<meta name=\"robots\" content=\"index, follow, max-snippet:-1, max-image-preview:large, max-video-preview:-1\" \/>\n<link rel=\"canonical\" href=\"https:\/\/leveilenprovence.com\/fr\/voorjaarskoersen-2026-regio-paca\/\" \/>\n<meta property=\"og:locale\" content=\"fr_FR\" \/>\n<meta property=\"og:type\" content=\"article\" \/>\n<meta property=\"og:title\" content=\"Voorjaarskoersen 2026 regio PACA - L&#039;Eveil en Provence\" \/>\n<meta property=\"og:description\" content=\"Van Belgie naar Frankrijk emigreren. De kans bestond dat ik de voorjaarskriebels van de eerste koersen ging missen. De hero\u00efek van de Omloop, De Ronde, Parijs-Roubaix . In Vlaanderen zijn de beleving en geanimeerde (toog)gesprekken over de koers ongezien. Steunend op de visie van experts en taalvirtuozen \u00e0 la Christophe Vandegoor. En al zeker begeleid [&hellip;]\" \/>\n<meta property=\"og:url\" content=\"https:\/\/leveilenprovence.com\/fr\/voorjaarskoersen-2026-regio-paca\/\" \/>\n<meta property=\"og:site_name\" content=\"L&#039;Eveil en Provence\" \/>\n<meta property=\"article:publisher\" content=\"https:\/\/www.facebook.com\/people\/LEveil-en-Provence\/100088765029872\/\" \/>\n<meta property=\"article:published_time\" content=\"2026-02-28T18:49:20+00:00\" \/>\n<meta property=\"article:modified_time\" content=\"2026-03-02T10:27:51+00:00\" \/>\n<meta property=\"og:image\" content=\"https:\/\/leveilenprovence.com\/wp-content\/uploads\/2026\/02\/20260221_143115-scaled.jpg\" \/>\n\t<meta property=\"og:image:width\" content=\"2560\" \/>\n\t<meta property=\"og:image:height\" content=\"1920\" \/>\n\t<meta property=\"og:image:type\" content=\"image\/jpeg\" \/>\n<meta name=\"author\" content=\"admin\" \/>\n<meta name=\"twitter:card\" content=\"summary_large_image\" \/>\n<meta name=\"twitter:label1\" content=\"\u00c9crit par\" \/>\n\t<meta name=\"twitter:data1\" content=\"admin\" \/>\n\t<meta name=\"twitter:label2\" content=\"Dur\u00e9e de lecture estim\u00e9e\" \/>\n\t<meta name=\"twitter:data2\" content=\"3 minutes\" \/>\n<script type=\"application\/ld+json\" class=\"yoast-schema-graph\">{\"@context\":\"https:\\\/\\\/schema.org\",\"@graph\":[{\"@type\":\"Article\",\"@id\":\"https:\\\/\\\/leveilenprovence.com\\\/voorjaarskoersen-2026-regio-paca\\\/#article\",\"isPartOf\":{\"@id\":\"https:\\\/\\\/leveilenprovence.com\\\/voorjaarskoersen-2026-regio-paca\\\/\"},\"author\":{\"name\":\"admin\",\"@id\":\"https:\\\/\\\/leveilenprovence.com\\\/#\\\/schema\\\/person\\\/7a1cb9cc67b86b7ddedd965a1477541e\"},\"headline\":\"Voorjaarskoersen 2026 regio PACA\",\"datePublished\":\"2026-02-28T18:49:20+00:00\",\"dateModified\":\"2026-03-02T10:27:51+00:00\",\"mainEntityOfPage\":{\"@id\":\"https:\\\/\\\/leveilenprovence.com\\\/voorjaarskoersen-2026-regio-paca\\\/\"},\"wordCount\":465,\"commentCount\":0,\"publisher\":{\"@id\":\"https:\\\/\\\/leveilenprovence.com\\\/#organization\"},\"image\":{\"@id\":\"https:\\\/\\\/leveilenprovence.com\\\/voorjaarskoersen-2026-regio-paca\\\/#primaryimage\"},\"thumbnailUrl\":\"https:\\\/\\\/leveilenprovence.com\\\/wp-content\\\/uploads\\\/2026\\\/02\\\/20260221_143115-scaled.jpg\",\"articleSection\":[\"Wielrennen\"],\"inLanguage\":\"fr-FR\",\"potentialAction\":[{\"@type\":\"CommentAction\",\"name\":\"Comment\",\"target\":[\"https:\\\/\\\/leveilenprovence.com\\\/voorjaarskoersen-2026-regio-paca\\\/#respond\"]}]},{\"@type\":\"WebPage\",\"@id\":\"https:\\\/\\\/leveilenprovence.com\\\/voorjaarskoersen-2026-regio-paca\\\/\",\"url\":\"https:\\\/\\\/leveilenprovence.com\\\/voorjaarskoersen-2026-regio-paca\\\/\",\"name\":\"Voorjaarskoersen 2026 regio PACA - L&#039;Eveil en Provence\",\"isPartOf\":{\"@id\":\"https:\\\/\\\/leveilenprovence.com\\\/#website\"},\"primaryImageOfPage\":{\"@id\":\"https:\\\/\\\/leveilenprovence.com\\\/voorjaarskoersen-2026-regio-paca\\\/#primaryimage\"},\"image\":{\"@id\":\"https:\\\/\\\/leveilenprovence.com\\\/voorjaarskoersen-2026-regio-paca\\\/#primaryimage\"},\"thumbnailUrl\":\"https:\\\/\\\/leveilenprovence.com\\\/wp-content\\\/uploads\\\/2026\\\/02\\\/20260221_143115-scaled.jpg\",\"datePublished\":\"2026-02-28T18:49:20+00:00\",\"dateModified\":\"2026-03-02T10:27:51+00:00\",\"inLanguage\":\"fr-FR\",\"potentialAction\":[{\"@type\":\"ReadAction\",\"target\":[\"https:\\\/\\\/leveilenprovence.com\\\/voorjaarskoersen-2026-regio-paca\\\/\"]}]},{\"@type\":\"ImageObject\",\"inLanguage\":\"fr-FR\",\"@id\":\"https:\\\/\\\/leveilenprovence.com\\\/voorjaarskoersen-2026-regio-paca\\\/#primaryimage\",\"url\":\"https:\\\/\\\/leveilenprovence.com\\\/wp-content\\\/uploads\\\/2026\\\/02\\\/20260221_143115-scaled.jpg\",\"contentUrl\":\"https:\\\/\\\/leveilenprovence.com\\\/wp-content\\\/uploads\\\/2026\\\/02\\\/20260221_143115-scaled.jpg\",\"width\":2560,\"height\":1920},{\"@type\":\"WebSite\",\"@id\":\"https:\\\/\\\/leveilenprovence.com\\\/#website\",\"url\":\"https:\\\/\\\/leveilenprovence.com\\\/\",\"name\":\"https:\\\/\\\/leveilenprovence.com\",\"description\":\"\",\"publisher\":{\"@id\":\"https:\\\/\\\/leveilenprovence.com\\\/#organization\"},\"potentialAction\":[{\"@type\":\"SearchAction\",\"target\":{\"@type\":\"EntryPoint\",\"urlTemplate\":\"https:\\\/\\\/leveilenprovence.com\\\/?s={search_term_string}\"},\"query-input\":{\"@type\":\"PropertyValueSpecification\",\"valueRequired\":true,\"valueName\":\"search_term_string\"}}],\"inLanguage\":\"fr-FR\"},{\"@type\":\"Organization\",\"@id\":\"https:\\\/\\\/leveilenprovence.com\\\/#organization\",\"name\":\"l'Eveil-en-Provence\",\"url\":\"https:\\\/\\\/leveilenprovence.com\\\/\",\"logo\":{\"@type\":\"ImageObject\",\"inLanguage\":\"fr-FR\",\"@id\":\"https:\\\/\\\/leveilenprovence.com\\\/#\\\/schema\\\/logo\\\/image\\\/\",\"url\":\"https:\\\/\\\/leveilenprovence.com\\\/wp-content\\\/uploads\\\/2024\\\/01\\\/cropped-348354611_1390807788156117_6322167039512516205_n_edited-1.jpg\",\"contentUrl\":\"https:\\\/\\\/leveilenprovence.com\\\/wp-content\\\/uploads\\\/2024\\\/01\\\/cropped-348354611_1390807788156117_6322167039512516205_n_edited-1.jpg\",\"width\":240,\"height\":207,\"caption\":\"l'Eveil-en-Provence\"},\"image\":{\"@id\":\"https:\\\/\\\/leveilenprovence.com\\\/#\\\/schema\\\/logo\\\/image\\\/\"},\"sameAs\":[\"https:\\\/\\\/www.facebook.com\\\/people\\\/LEveil-en-Provence\\\/100088765029872\\\/\"]},{\"@type\":\"Person\",\"@id\":\"https:\\\/\\\/leveilenprovence.com\\\/#\\\/schema\\\/person\\\/7a1cb9cc67b86b7ddedd965a1477541e\",\"name\":\"admin\",\"image\":{\"@type\":\"ImageObject\",\"inLanguage\":\"fr-FR\",\"@id\":\"https:\\\/\\\/secure.gravatar.com\\\/avatar\\\/0e4ff96213859a0e0fc5a4a1d46128877d4b7105c0e23e951627b53470aeca09?s=96&d=mm&r=g\",\"url\":\"https:\\\/\\\/secure.gravatar.com\\\/avatar\\\/0e4ff96213859a0e0fc5a4a1d46128877d4b7105c0e23e951627b53470aeca09?s=96&d=mm&r=g\",\"contentUrl\":\"https:\\\/\\\/secure.gravatar.com\\\/avatar\\\/0e4ff96213859a0e0fc5a4a1d46128877d4b7105c0e23e951627b53470aeca09?s=96&d=mm&r=g\",\"caption\":\"admin\"},\"sameAs\":[\"https:\\\/\\\/leveilenprovence.com\"],\"url\":\"https:\\\/\\\/leveilenprovence.com\\\/fr\\\/author\\\/tonyvl11hotmail-com\\\/\"}]}<\/script>\n<!-- \/ Yoast SEO plugin. -->","yoast_head_json":{"title":"Voorjaarskoersen 2026 regio PACA - L&#039;Eveil en Provence","robots":{"index":"index","follow":"follow","max-snippet":"max-snippet:-1","max-image-preview":"max-image-preview:large","max-video-preview":"max-video-preview:-1"},"canonical":"https:\/\/leveilenprovence.com\/fr\/voorjaarskoersen-2026-regio-paca\/","og_locale":"fr_FR","og_type":"article","og_title":"Voorjaarskoersen 2026 regio PACA - L&#039;Eveil en Provence","og_description":"Van Belgie naar Frankrijk emigreren. De kans bestond dat ik de voorjaarskriebels van de eerste koersen ging missen. De hero\u00efek van de Omloop, De Ronde, Parijs-Roubaix . In Vlaanderen zijn de beleving en geanimeerde (toog)gesprekken over de koers ongezien. Steunend op de visie van experts en taalvirtuozen \u00e0 la Christophe Vandegoor. En al zeker begeleid [&hellip;]","og_url":"https:\/\/leveilenprovence.com\/fr\/voorjaarskoersen-2026-regio-paca\/","og_site_name":"L&#039;Eveil en Provence","article_publisher":"https:\/\/www.facebook.com\/people\/LEveil-en-Provence\/100088765029872\/","article_published_time":"2026-02-28T18:49:20+00:00","article_modified_time":"2026-03-02T10:27:51+00:00","og_image":[{"width":2560,"height":1920,"url":"https:\/\/leveilenprovence.com\/wp-content\/uploads\/2026\/02\/20260221_143115-scaled.jpg","type":"image\/jpeg"}],"author":"admin","twitter_card":"summary_large_image","twitter_misc":{"\u00c9crit par":"admin","Dur\u00e9e de lecture estim\u00e9e":"3 minutes"},"schema":{"@context":"https:\/\/schema.org","@graph":[{"@type":"Article","@id":"https:\/\/leveilenprovence.com\/voorjaarskoersen-2026-regio-paca\/#article","isPartOf":{"@id":"https:\/\/leveilenprovence.com\/voorjaarskoersen-2026-regio-paca\/"},"author":{"name":"admin","@id":"https:\/\/leveilenprovence.com\/#\/schema\/person\/7a1cb9cc67b86b7ddedd965a1477541e"},"headline":"Voorjaarskoersen 2026 regio PACA","datePublished":"2026-02-28T18:49:20+00:00","dateModified":"2026-03-02T10:27:51+00:00","mainEntityOfPage":{"@id":"https:\/\/leveilenprovence.com\/voorjaarskoersen-2026-regio-paca\/"},"wordCount":465,"commentCount":0,"publisher":{"@id":"https:\/\/leveilenprovence.com\/#organization"},"image":{"@id":"https:\/\/leveilenprovence.com\/voorjaarskoersen-2026-regio-paca\/#primaryimage"},"thumbnailUrl":"https:\/\/leveilenprovence.com\/wp-content\/uploads\/2026\/02\/20260221_143115-scaled.jpg","articleSection":["Wielrennen"],"inLanguage":"fr-FR","potentialAction":[{"@type":"CommentAction","name":"Comment","target":["https:\/\/leveilenprovence.com\/voorjaarskoersen-2026-regio-paca\/#respond"]}]},{"@type":"WebPage","@id":"https:\/\/leveilenprovence.com\/voorjaarskoersen-2026-regio-paca\/","url":"https:\/\/leveilenprovence.com\/voorjaarskoersen-2026-regio-paca\/","name":"Voorjaarskoersen 2026 regio PACA - L&#039;Eveil en Provence","isPartOf":{"@id":"https:\/\/leveilenprovence.com\/#website"},"primaryImageOfPage":{"@id":"https:\/\/leveilenprovence.com\/voorjaarskoersen-2026-regio-paca\/#primaryimage"},"image":{"@id":"https:\/\/leveilenprovence.com\/voorjaarskoersen-2026-regio-paca\/#primaryimage"},"thumbnailUrl":"https:\/\/leveilenprovence.com\/wp-content\/uploads\/2026\/02\/20260221_143115-scaled.jpg","datePublished":"2026-02-28T18:49:20+00:00","dateModified":"2026-03-02T10:27:51+00:00","inLanguage":"fr-FR","potentialAction":[{"@type":"ReadAction","target":["https:\/\/leveilenprovence.com\/voorjaarskoersen-2026-regio-paca\/"]}]},{"@type":"ImageObject","inLanguage":"fr-FR","@id":"https:\/\/leveilenprovence.com\/voorjaarskoersen-2026-regio-paca\/#primaryimage","url":"https:\/\/leveilenprovence.com\/wp-content\/uploads\/2026\/02\/20260221_143115-scaled.jpg","contentUrl":"https:\/\/leveilenprovence.com\/wp-content\/uploads\/2026\/02\/20260221_143115-scaled.jpg","width":2560,"height":1920},{"@type":"WebSite","@id":"https:\/\/leveilenprovence.com\/#website","url":"https:\/\/leveilenprovence.com\/","name":"https:\/\/leveilenprovence.com","description":"","publisher":{"@id":"https:\/\/leveilenprovence.com\/#organization"},"potentialAction":[{"@type":"SearchAction","target":{"@type":"EntryPoint","urlTemplate":"https:\/\/leveilenprovence.com\/?s={search_term_string}"},"query-input":{"@type":"PropertyValueSpecification","valueRequired":true,"valueName":"search_term_string"}}],"inLanguage":"fr-FR"},{"@type":"Organization","@id":"https:\/\/leveilenprovence.com\/#organization","name":"l'Eveil-en-Provence","url":"https:\/\/leveilenprovence.com\/","logo":{"@type":"ImageObject","inLanguage":"fr-FR","@id":"https:\/\/leveilenprovence.com\/#\/schema\/logo\/image\/","url":"https:\/\/leveilenprovence.com\/wp-content\/uploads\/2024\/01\/cropped-348354611_1390807788156117_6322167039512516205_n_edited-1.jpg","contentUrl":"https:\/\/leveilenprovence.com\/wp-content\/uploads\/2024\/01\/cropped-348354611_1390807788156117_6322167039512516205_n_edited-1.jpg","width":240,"height":207,"caption":"l'Eveil-en-Provence"},"image":{"@id":"https:\/\/leveilenprovence.com\/#\/schema\/logo\/image\/"},"sameAs":["https:\/\/www.facebook.com\/people\/LEveil-en-Provence\/100088765029872\/"]},{"@type":"Person","@id":"https:\/\/leveilenprovence.com\/#\/schema\/person\/7a1cb9cc67b86b7ddedd965a1477541e","name":"administrateur","image":{"@type":"ImageObject","inLanguage":"fr-FR","@id":"https:\/\/secure.gravatar.com\/avatar\/0e4ff96213859a0e0fc5a4a1d46128877d4b7105c0e23e951627b53470aeca09?s=96&d=mm&r=g","url":"https:\/\/secure.gravatar.com\/avatar\/0e4ff96213859a0e0fc5a4a1d46128877d4b7105c0e23e951627b53470aeca09?s=96&d=mm&r=g","contentUrl":"https:\/\/secure.gravatar.com\/avatar\/0e4ff96213859a0e0fc5a4a1d46128877d4b7105c0e23e951627b53470aeca09?s=96&d=mm&r=g","caption":"admin"},"sameAs":["https:\/\/leveilenprovence.com"],"url":"https:\/\/leveilenprovence.com\/fr\/author\/tonyvl11hotmail-com\/"}]}},"jetpack_publicize_connections":[],"jetpack_featured_media_url":"https:\/\/leveilenprovence.com\/wp-content\/uploads\/2026\/02\/20260221_143115-scaled.jpg","jetpack_likes_enabled":true,"jetpack_sharing_enabled":true,"_links":{"self":[{"href":"https:\/\/leveilenprovence.com\/fr\/wp-json\/wp\/v2\/posts\/1138","targetHints":{"allow":["GET"]}}],"collection":[{"href":"https:\/\/leveilenprovence.com\/fr\/wp-json\/wp\/v2\/posts"}],"about":[{"href":"https:\/\/leveilenprovence.com\/fr\/wp-json\/wp\/v2\/types\/post"}],"author":[{"embeddable":true,"href":"https:\/\/leveilenprovence.com\/fr\/wp-json\/wp\/v2\/users\/1"}],"replies":[{"embeddable":true,"href":"https:\/\/leveilenprovence.com\/fr\/wp-json\/wp\/v2\/comments?post=1138"}],"version-history":[{"count":59,"href":"https:\/\/leveilenprovence.com\/fr\/wp-json\/wp\/v2\/posts\/1138\/revisions"}],"predecessor-version":[{"id":1334,"href":"https:\/\/leveilenprovence.com\/fr\/wp-json\/wp\/v2\/posts\/1138\/revisions\/1334"}],"wp:featuredmedia":[{"embeddable":true,"href":"https:\/\/leveilenprovence.com\/fr\/wp-json\/wp\/v2\/media\/1155"}],"wp:attachment":[{"href":"https:\/\/leveilenprovence.com\/fr\/wp-json\/wp\/v2\/media?parent=1138"}],"wp:term":[{"taxonomy":"category","embeddable":true,"href":"https:\/\/leveilenprovence.com\/fr\/wp-json\/wp\/v2\/categories?post=1138"},{"taxonomy":"post_tag","embeddable":true,"href":"https:\/\/leveilenprovence.com\/fr\/wp-json\/wp\/v2\/tags?post=1138"}],"curies":[{"name":"wp","href":"https:\/\/api.w.org\/{rel}","templated":true}]}}